{"id":455,"date":"2014-04-07T08:54:14","date_gmt":"2014-04-07T08:54:14","guid":{"rendered":"http:\/\/divulgah2.es\/?p=455"},"modified":"2014-12-17T12:22:03","modified_gmt":"2014-12-17T12:22:03","slug":"el-cnh2-inagura-la-ruta-de-la-energia","status":"publish","type":"post","link":"https:\/\/divulgah2.es\/en\/el-cnh2-inagura-la-ruta-de-la-energia\/","title":{"rendered":"El CNH2 inaugura &#8220;La Ruta de la Energ\u00eda&#8221;"},"content":{"rendered":"<p>El pasado 7 de abril, el Centro Nacional del Hidr\u00f3geno inauguraba \u201cLa Ruta de la Energ\u00eda\u201d, que se extender\u00e1 hasta el pr\u00f3ximo d\u00eda 11 de abril. El acto cont\u00f3 con la participaci\u00f3n del Ayuntamiento de Puertollano, representantes de las empresas participantes de la actividad y los estudiantes de la Universidad de Castilla-La Mancha, primeros visitantes de esta Ruta.<\/p>\n<p>El acto de inauguraci\u00f3n comenz\u00f3 con unas palabras de bienvenida de la Directora del CNH2, D\u00f1a. Lourdes Rodr\u00edguez quien manifestaba la importancia de mostrar las tecnolog\u00edas energ\u00e9ticas de Puertollano a la sociedad, cont\u00f3 con la presencia y participaci\u00f3n de la alcaldesa de Puertollano, D\u00f1a. Mayte Fern\u00e1ndez y los representantes de cada una de las empresas participantes de La Ruta de la Energ\u00eda (Elcogas, Endesa, Iberdrola, Isfoc y Repsol).<!--more--><\/p>\n<p><a href=\"https:\/\/divulgah2.es\/wp-content\/uploads\/2014\/04\/Inauguracion-RE-2.jpg\" target=\"_blank\"><img loading=\"lazy\" decoding=\"async\" src=\"https:\/\/divulgah2.es\/wp-content\/uploads\/2014\/04\/Inauguracion-RE-2-1024x768.jpg\" alt=\"CNH2\" width=\"940\" height=\"705\" class=\"size-large wp-image-461\" srcset=\"https:\/\/divulgah2.es\/wp-content\/uploads\/2014\/04\/Inauguracion-RE-2-1024x768.jpg 1024w, https:\/\/divulgah2.es\/wp-content\/uploads\/2014\/04\/Inauguracion-RE-2-300x225.jpg 300w, https:\/\/divulgah2.es\/wp-content\/uploads\/2014\/04\/Inauguracion-RE-2.jpg 1080w\" sizes=\"auto, (max-width: 940px) 100vw, 940px\" \/><\/a><\/p>\n<p>La Responsable T\u00e9cnica del proyecto DivulgaH2 y de esta iniciativa que forma parte del mismo, D\u00f1a. Gema Rodado, Inauguracion RE 2explicaba los detalles de la misma transmitiendo que la motivaci\u00f3n de esta actividad se centra en dar la oportunidad de conocer las diferentes alternativas de producci\u00f3n de energ\u00eda existentes en la ciudad de Puertollano mediante un recorrido por el sector energ\u00e9tico de la comarca.<\/p>\n<p>Acto seguido, intervinieron los representantes de las empresas participantes en la Ruta dirigiendo unas palabras a los asistentes e invitando al aprovechamiento de esta actividad estrat\u00e9gica para el sector energ\u00e9tico de la ciudad.<\/p>\n<p>Por \u00faltimo, la alcaldesa de Puertollano, D\u00f1a. Mayte Fern\u00e1ndez intervino en el acto manifestando su agradecimiento por la organizaci\u00f3n y desarrollo de este tipo de iniciativas y haciendo hincapi\u00e9 en la necesidad de apostar por la energ\u00eda para garantizar el futuro de la ciudad.<\/p>\n<p><a href=\"https:\/\/divulgah2.es\/wp-content\/uploads\/2014\/04\/Inauguracion-RE-3.jpg\" target=\"_blank\"><img loading=\"lazy\" decoding=\"async\" src=\"https:\/\/divulgah2.es\/wp-content\/uploads\/2014\/04\/Inauguracion-RE-3-1024x768.jpg\" alt=\"CNH2\" width=\"940\" height=\"705\" class=\"size-large wp-image-463\" srcset=\"https:\/\/divulgah2.es\/wp-content\/uploads\/2014\/04\/Inauguracion-RE-3-1024x768.jpg 1024w, https:\/\/divulgah2.es\/wp-content\/uploads\/2014\/04\/Inauguracion-RE-3-300x225.jpg 300w, https:\/\/divulgah2.es\/wp-content\/uploads\/2014\/04\/Inauguracion-RE-3.jpg 1080w\" sizes=\"auto, (max-width: 940px) 100vw, 940px\" \/><\/a><\/p>\n<p>Finalmente, la alcaldesa declar\u00f3 inaugurada La Ruta de la Energ\u00eda que comenz\u00f3 por la visita de las instalaciones del Centro Nacional del Hidr\u00f3geno acompa\u00f1ada por las explicaciones de sus t\u00e9cnicos relativas a las tecnolog\u00edas de hidr\u00f3geno y pilas de combustible, y seguir\u00eda con la visita a las empresas colaboradoras anteriormente mencionadas.<\/p>\n<p>El proyecto DivulgaH2, financiado por la Fundaci\u00f3n Espa\u00f1ola para la Ciencia y la Tecnolog\u00eda y el Ministerio de Econom\u00eda y Competitividad, se realiza debido al compromiso que el CNH2 tiene con las labores de divulgaci\u00f3n cient\u00edfico-t\u00e9cnica y con el objetivo principal de dar a conocer, formar y demostrar las tecnolog\u00edas energ\u00e9ticas, de hidr\u00f3geno y pilas de combustible a diferentes p\u00fablicos objetivo as\u00ed como fomentar la vocaci\u00f3n cient\u00edfica entre los m\u00e1s j\u00f3venes.<\/p>\n<p>\u00a0<\/p>\n<blockquote><p>La Ruta de la Energ\u00eda: Actividad perteneciente al Proyecto DivulgaH2 FCT-13-6638 financiado por la Fundaci\u00f3n Espa\u00f1ola para la Ciencia y la Tecnolog\u00eda (FECYT) \u2013 Ministerio de Econom\u00eda y Competitividad.<\/p><\/blockquote>\n<p><\/p>","protected":false},"excerpt":{"rendered":"<p>El pasado 7 de abril, el Centro Nacional del Hidr\u00f3geno inauguraba \u201cLa Ruta de la Energ\u00eda\u201d, que se extender\u00e1 hasta el pr\u00f3ximo d\u00eda 11 de abril. El acto cont\u00f3 con la participaci\u00f3n del Ayuntamiento de Puertollano, representantes de las empresas participantes de la actividad y los estudiantes de la Universidad de Castilla-La Mancha, primeros visitantes [&hellip;]<\/p>\n","protected":false},"author":1,"featured_media":456,"comment_status":"closed","ping_status":"closed","sticky":false,"template":"","format":"standard","meta":{"ngg_post_thumbnail":0,"footnotes":""},"categories":[62],"tags":[38,46,47,45,48],"class_list":["post-455","post","type-post","status-publish","format-standard","has-post-thumbnail","hentry","category-noticias-destacadas","tag-cnh2","tag-energia","tag-puertollano","tag-ruta","tag-universidad-castilla-la-mancha"],"yoast_head":"<!-- This site is optimized with the Yoast SEO plugin v27.4 - https:\/\/yoast.com\/product\/yoast-seo-wordpress\/ -->\n<title>El CNH2 inaugura &quot;La Ruta de la Energ\u00eda&quot;El CNH2 inaugura &quot;La Ruta de la Energ\u00eda&quot; - DivulgaH2<\/title>\n<meta name=\"robots\" content=\"index, follow, max-snippet:-1, max-image-preview:large, max-video-preview:-1\" \/>\n<link rel=\"canonical\" href=\"https:\/\/divulgah2.es\/el-cnh2-inagura-la-ruta-de-la-energia\/\" \/>\n<meta property=\"og:locale\" content=\"en_US\" \/>\n<meta property=\"og:type\" content=\"article\" \/>\n<meta property=\"og:title\" content=\"El CNH2 inaugura &quot;La Ruta de la Energ\u00eda&quot;El CNH2 inaugura &quot;La Ruta de la Energ\u00eda&quot; - DivulgaH2\" \/>\n<meta property=\"og:description\" content=\"El pasado 7 de abril, el Centro Nacional del Hidr\u00f3geno inauguraba \u201cLa Ruta de la Energ\u00eda\u201d, que se extender\u00e1 hasta el pr\u00f3ximo d\u00eda 11 de abril. El acto cont\u00f3 con la participaci\u00f3n del Ayuntamiento de Puertollano, representantes de las empresas participantes de la actividad y los estudiantes de la Universidad de Castilla-La Mancha, primeros visitantes [&hellip;]\" \/>\n<meta property=\"og:url\" content=\"https:\/\/divulgah2.es\/el-cnh2-inagura-la-ruta-de-la-energia\/\" \/>\n<meta property=\"og:site_name\" content=\"DivulgaH2\" \/>\n<meta property=\"article:publisher\" content=\"https:\/\/www.facebook.com\/divulgah2?ref=hl\" \/>\n<meta property=\"article:published_time\" content=\"2014-04-07T08:54:14+00:00\" \/>\n<meta property=\"article:modified_time\" content=\"2014-12-17T12:22:03+00:00\" \/>\n<meta property=\"og:image\" content=\"https:\/\/divulgah2.es\/wp-content\/uploads\/2014\/04\/Inauguracion-RE-1.jpg\" \/>\n\t<meta property=\"og:image:width\" content=\"1080\" \/>\n\t<meta property=\"og:image:height\" content=\"810\" \/>\n\t<meta property=\"og:image:type\" content=\"image\/jpeg\" \/>\n<meta name=\"author\" content=\"admin\" \/>\n<meta name=\"twitter:label1\" content=\"Written by\" \/>\n\t<meta name=\"twitter:data1\" content=\"admin\" \/>\n\t<meta name=\"twitter:label2\" content=\"Est. reading time\" \/>\n\t<meta name=\"twitter:data2\" content=\"5 minutes\" \/>\n<script type=\"application\/ld+json\" class=\"yoast-schema-graph\">{\"@context\":\"https:\\\/\\\/schema.org\",\"@graph\":[{\"@type\":\"Article\",\"@id\":\"https:\\\/\\\/divulgah2.es\\\/el-cnh2-inagura-la-ruta-de-la-energia\\\/#article\",\"isPartOf\":{\"@id\":\"https:\\\/\\\/divulgah2.es\\\/el-cnh2-inagura-la-ruta-de-la-energia\\\/\"},\"author\":{\"name\":\"admin\",\"@id\":\"https:\\\/\\\/divulgah2.es\\\/#\\\/schema\\\/person\\\/404d593de790223462007682cfeb0523\"},\"headline\":\"El CNH2 inaugura &#8220;La Ruta de la Energ\u00eda&#8221;\",\"datePublished\":\"2014-04-07T08:54:14+00:00\",\"dateModified\":\"2014-12-17T12:22:03+00:00\",\"mainEntityOfPage\":{\"@id\":\"https:\\\/\\\/divulgah2.es\\\/el-cnh2-inagura-la-ruta-de-la-energia\\\/\"},\"wordCount\":954,\"image\":{\"@id\":\"https:\\\/\\\/divulgah2.es\\\/el-cnh2-inagura-la-ruta-de-la-energia\\\/#primaryimage\"},\"thumbnailUrl\":\"https:\\\/\\\/divulgah2.es\\\/wp-content\\\/uploads\\\/2014\\\/04\\\/Inauguracion-RE-1.jpg\",\"keywords\":[\"CNH2\",\"energia\",\"Puertollano\",\"ruta\",\"Universidad Castilla La Mancha\"],\"articleSection\":[\"News\"],\"inLanguage\":\"en-US\"},{\"@type\":\"WebPage\",\"@id\":\"https:\\\/\\\/divulgah2.es\\\/el-cnh2-inagura-la-ruta-de-la-energia\\\/\",\"url\":\"https:\\\/\\\/divulgah2.es\\\/el-cnh2-inagura-la-ruta-de-la-energia\\\/\",\"name\":\"El CNH2 inaugura \\\"La Ruta de la Energ\u00eda\\\"El CNH2 inaugura \\\"La Ruta de la Energ\u00eda\\\" - DivulgaH2\",\"isPartOf\":{\"@id\":\"https:\\\/\\\/divulgah2.es\\\/#website\"},\"primaryImageOfPage\":{\"@id\":\"https:\\\/\\\/divulgah2.es\\\/el-cnh2-inagura-la-ruta-de-la-energia\\\/#primaryimage\"},\"image\":{\"@id\":\"https:\\\/\\\/divulgah2.es\\\/el-cnh2-inagura-la-ruta-de-la-energia\\\/#primaryimage\"},\"thumbnailUrl\":\"https:\\\/\\\/divulgah2.es\\\/wp-content\\\/uploads\\\/2014\\\/04\\\/Inauguracion-RE-1.jpg\",\"datePublished\":\"2014-04-07T08:54:14+00:00\",\"dateModified\":\"2014-12-17T12:22:03+00:00\",\"author\":{\"@id\":\"https:\\\/\\\/divulgah2.es\\\/#\\\/schema\\\/person\\\/404d593de790223462007682cfeb0523\"},\"breadcrumb\":{\"@id\":\"https:\\\/\\\/divulgah2.es\\\/el-cnh2-inagura-la-ruta-de-la-energia\\\/#breadcrumb\"},\"inLanguage\":\"en-US\",\"potentialAction\":[{\"@type\":\"ReadAction\",\"target\":[\"https:\\\/\\\/divulgah2.es\\\/el-cnh2-inagura-la-ruta-de-la-energia\\\/\"]}]},{\"@type\":\"ImageObject\",\"inLanguage\":\"en-US\",\"@id\":\"https:\\\/\\\/divulgah2.es\\\/el-cnh2-inagura-la-ruta-de-la-energia\\\/#primaryimage\",\"url\":\"https:\\\/\\\/divulgah2.es\\\/wp-content\\\/uploads\\\/2014\\\/04\\\/Inauguracion-RE-1.jpg\",\"contentUrl\":\"https:\\\/\\\/divulgah2.es\\\/wp-content\\\/uploads\\\/2014\\\/04\\\/Inauguracion-RE-1.jpg\",\"width\":1080,\"height\":810,\"caption\":\"CNH2\"},{\"@type\":\"BreadcrumbList\",\"@id\":\"https:\\\/\\\/divulgah2.es\\\/el-cnh2-inagura-la-ruta-de-la-energia\\\/#breadcrumb\",\"itemListElement\":[{\"@type\":\"ListItem\",\"position\":1,\"name\":\"Portada\",\"item\":\"https:\\\/\\\/divulgah2.es\\\/\"},{\"@type\":\"ListItem\",\"position\":2,\"name\":\"El CNH2 inaugura \u00abLa Ruta de la Energ\u00eda\u00bb\"}]},{\"@type\":\"WebSite\",\"@id\":\"https:\\\/\\\/divulgah2.es\\\/#website\",\"url\":\"https:\\\/\\\/divulgah2.es\\\/\",\"name\":\"DivulgaH2\",\"description\":\"Divulgaci\u00f3n de las tecnolog\u00edas de hidr\u00f3geno y pilas de combustible a la sociedad\",\"potentialAction\":[{\"@type\":\"SearchAction\",\"target\":{\"@type\":\"EntryPoint\",\"urlTemplate\":\"https:\\\/\\\/divulgah2.es\\\/?s={search_term_string}\"},\"query-input\":{\"@type\":\"PropertyValueSpecification\",\"valueRequired\":true,\"valueName\":\"search_term_string\"}}],\"inLanguage\":\"en-US\"},{\"@type\":\"Person\",\"@id\":\"https:\\\/\\\/divulgah2.es\\\/#\\\/schema\\\/person\\\/404d593de790223462007682cfeb0523\",\"name\":\"admin\",\"image\":{\"@type\":\"ImageObject\",\"inLanguage\":\"en-US\",\"@id\":\"https:\\\/\\\/secure.gravatar.com\\\/avatar\\\/68a49d6dca55a7496d8bd16c076a09eef243dce20f227805b623603d5abce9a5?s=96&d=mm&r=g\",\"url\":\"https:\\\/\\\/secure.gravatar.com\\\/avatar\\\/68a49d6dca55a7496d8bd16c076a09eef243dce20f227805b623603d5abce9a5?s=96&d=mm&r=g\",\"contentUrl\":\"https:\\\/\\\/secure.gravatar.com\\\/avatar\\\/68a49d6dca55a7496d8bd16c076a09eef243dce20f227805b623603d5abce9a5?s=96&d=mm&r=g\",\"caption\":\"admin\"},\"url\":\"https:\\\/\\\/divulgah2.es\\\/en\\\/author\\\/admin\\\/\"}]}<\/script>\n<!-- \/ Yoast SEO plugin. -->","yoast_head_json":{"title":"El CNH2 inaugura \"La Ruta de la Energ\u00eda\"El CNH2 inaugura \"La Ruta de la Energ\u00eda\" - DivulgaH2","robots":{"index":"index","follow":"follow","max-snippet":"max-snippet:-1","max-image-preview":"max-image-preview:large","max-video-preview":"max-video-preview:-1"},"canonical":"https:\/\/divulgah2.es\/el-cnh2-inagura-la-ruta-de-la-energia\/","og_locale":"en_US","og_type":"article","og_title":"El CNH2 inaugura \"La Ruta de la Energ\u00eda\"El CNH2 inaugura \"La Ruta de la Energ\u00eda\" - DivulgaH2","og_description":"El pasado 7 de abril, el Centro Nacional del Hidr\u00f3geno inauguraba \u201cLa Ruta de la Energ\u00eda\u201d, que se extender\u00e1 hasta el pr\u00f3ximo d\u00eda 11 de abril. El acto cont\u00f3 con la participaci\u00f3n del Ayuntamiento de Puertollano, representantes de las empresas participantes de la actividad y los estudiantes de la Universidad de Castilla-La Mancha, primeros visitantes [&hellip;]","og_url":"https:\/\/divulgah2.es\/el-cnh2-inagura-la-ruta-de-la-energia\/","og_site_name":"DivulgaH2","article_publisher":"https:\/\/www.facebook.com\/divulgah2?ref=hl","article_published_time":"2014-04-07T08:54:14+00:00","article_modified_time":"2014-12-17T12:22:03+00:00","og_image":[{"width":1080,"height":810,"url":"https:\/\/divulgah2.es\/wp-content\/uploads\/2014\/04\/Inauguracion-RE-1.jpg","type":"image\/jpeg"}],"author":"admin","twitter_misc":{"Written by":"admin","Est. reading time":"5 minutes"},"schema":{"@context":"https:\/\/schema.org","@graph":[{"@type":"Article","@id":"https:\/\/divulgah2.es\/el-cnh2-inagura-la-ruta-de-la-energia\/#article","isPartOf":{"@id":"https:\/\/divulgah2.es\/el-cnh2-inagura-la-ruta-de-la-energia\/"},"author":{"name":"admin","@id":"https:\/\/divulgah2.es\/#\/schema\/person\/404d593de790223462007682cfeb0523"},"headline":"El CNH2 inaugura &#8220;La Ruta de la Energ\u00eda&#8221;","datePublished":"2014-04-07T08:54:14+00:00","dateModified":"2014-12-17T12:22:03+00:00","mainEntityOfPage":{"@id":"https:\/\/divulgah2.es\/el-cnh2-inagura-la-ruta-de-la-energia\/"},"wordCount":954,"image":{"@id":"https:\/\/divulgah2.es\/el-cnh2-inagura-la-ruta-de-la-energia\/#primaryimage"},"thumbnailUrl":"https:\/\/divulgah2.es\/wp-content\/uploads\/2014\/04\/Inauguracion-RE-1.jpg","keywords":["CNH2","energia","Puertollano","ruta","Universidad Castilla La Mancha"],"articleSection":["News"],"inLanguage":"en-US"},{"@type":"WebPage","@id":"https:\/\/divulgah2.es\/el-cnh2-inagura-la-ruta-de-la-energia\/","url":"https:\/\/divulgah2.es\/el-cnh2-inagura-la-ruta-de-la-energia\/","name":"El CNH2 inaugura \"La Ruta de la Energ\u00eda\"El CNH2 inaugura \"La Ruta de la Energ\u00eda\" - DivulgaH2","isPartOf":{"@id":"https:\/\/divulgah2.es\/#website"},"primaryImageOfPage":{"@id":"https:\/\/divulgah2.es\/el-cnh2-inagura-la-ruta-de-la-energia\/#primaryimage"},"image":{"@id":"https:\/\/divulgah2.es\/el-cnh2-inagura-la-ruta-de-la-energia\/#primaryimage"},"thumbnailUrl":"https:\/\/divulgah2.es\/wp-content\/uploads\/2014\/04\/Inauguracion-RE-1.jpg","datePublished":"2014-04-07T08:54:14+00:00","dateModified":"2014-12-17T12:22:03+00:00","author":{"@id":"https:\/\/divulgah2.es\/#\/schema\/person\/404d593de790223462007682cfeb0523"},"breadcrumb":{"@id":"https:\/\/divulgah2.es\/el-cnh2-inagura-la-ruta-de-la-energia\/#breadcrumb"},"inLanguage":"en-US","potentialAction":[{"@type":"ReadAction","target":["https:\/\/divulgah2.es\/el-cnh2-inagura-la-ruta-de-la-energia\/"]}]},{"@type":"ImageObject","inLanguage":"en-US","@id":"https:\/\/divulgah2.es\/el-cnh2-inagura-la-ruta-de-la-energia\/#primaryimage","url":"https:\/\/divulgah2.es\/wp-content\/uploads\/2014\/04\/Inauguracion-RE-1.jpg","contentUrl":"https:\/\/divulgah2.es\/wp-content\/uploads\/2014\/04\/Inauguracion-RE-1.jpg","width":1080,"height":810,"caption":"CNH2"},{"@type":"BreadcrumbList","@id":"https:\/\/divulgah2.es\/el-cnh2-inagura-la-ruta-de-la-energia\/#breadcrumb","itemListElement":[{"@type":"ListItem","position":1,"name":"Portada","item":"https:\/\/divulgah2.es\/"},{"@type":"ListItem","position":2,"name":"El CNH2 inaugura \u00abLa Ruta de la Energ\u00eda\u00bb"}]},{"@type":"WebSite","@id":"https:\/\/divulgah2.es\/#website","url":"https:\/\/divulgah2.es\/","name":"DivulgaH2","description":"Divulgaci\u00f3n de las tecnolog\u00edas de hidr\u00f3geno y pilas de combustible a la sociedad","potentialAction":[{"@type":"SearchAction","target":{"@type":"EntryPoint","urlTemplate":"https:\/\/divulgah2.es\/?s={search_term_string}"},"query-input":{"@type":"PropertyValueSpecification","valueRequired":true,"valueName":"search_term_string"}}],"inLanguage":"en-US"},{"@type":"Person","@id":"https:\/\/divulgah2.es\/#\/schema\/person\/404d593de790223462007682cfeb0523","name":"admin","image":{"@type":"ImageObject","inLanguage":"en-US","@id":"https:\/\/secure.gravatar.com\/avatar\/68a49d6dca55a7496d8bd16c076a09eef243dce20f227805b623603d5abce9a5?s=96&d=mm&r=g","url":"https:\/\/secure.gravatar.com\/avatar\/68a49d6dca55a7496d8bd16c076a09eef243dce20f227805b623603d5abce9a5?s=96&d=mm&r=g","contentUrl":"https:\/\/secure.gravatar.com\/avatar\/68a49d6dca55a7496d8bd16c076a09eef243dce20f227805b623603d5abce9a5?s=96&d=mm&r=g","caption":"admin"},"url":"https:\/\/divulgah2.es\/en\/author\/admin\/"}]}},"_links":{"self":[{"href":"https:\/\/divulgah2.es\/en\/wp-json\/wp\/v2\/posts\/455","targetHints":{"allow":["GET"]}}],"collection":[{"href":"https:\/\/divulgah2.es\/en\/wp-json\/wp\/v2\/posts"}],"about":[{"href":"https:\/\/divulgah2.es\/en\/wp-json\/wp\/v2\/types\/post"}],"author":[{"embeddable":true,"href":"https:\/\/divulgah2.es\/en\/wp-json\/wp\/v2\/users\/1"}],"replies":[{"embeddable":true,"href":"https:\/\/divulgah2.es\/en\/wp-json\/wp\/v2\/comments?post=455"}],"version-history":[{"count":19,"href":"https:\/\/divulgah2.es\/en\/wp-json\/wp\/v2\/posts\/455\/revisions"}],"predecessor-version":[{"id":2332,"href":"https:\/\/divulgah2.es\/en\/wp-json\/wp\/v2\/posts\/455\/revisions\/2332"}],"wp:featuredmedia":[{"embeddable":true,"href":"https:\/\/divulgah2.es\/en\/wp-json\/wp\/v2\/media\/456"}],"wp:attachment":[{"href":"https:\/\/divulgah2.es\/en\/wp-json\/wp\/v2\/media?parent=455"}],"wp:term":[{"taxonomy":"category","embeddable":true,"href":"https:\/\/divulgah2.es\/en\/wp-json\/wp\/v2\/categories?post=455"},{"taxonomy":"post_tag","embeddable":true,"href":"https:\/\/divulgah2.es\/en\/wp-json\/wp\/v2\/tags?post=455"}],"curies":[{"name":"wp","href":"https:\/\/api.w.org\/{rel}","templated":true}]}}